{"id":133,"date":"2012-06-02T23:20:24","date_gmt":"2012-06-03T02:20:24","guid":{"rendered":"https:\/\/unfrionegro.net\/?p=133"},"modified":"2012-06-02T23:20:24","modified_gmt":"2012-06-03T02:20:24","slug":"viaje-en-tren","status":"publish","type":"post","link":"https:\/\/unfrionegro.net\/?p=133","title":{"rendered":"Un viaje en tren parte I: de vuelta al pasado"},"content":{"rendered":"<div id=\"attachment_228\" style=\"width: 1610px\" class=\"wp-caption aligncenter\"><img loading=\"lazy\" decoding=\"async\" aria-describedby=\"caption-attachment-228\" class=\"wp-image-228 \" title=\"Estaci\u00f3n Central General Artigas\" alt=\"\" src=\"https:\/\/unfrionegro.net\/wp-content\/uploads\/2012\/05\/03042012019.jpg\" width=\"1600\" height=\"1200\" \/><p id=\"caption-attachment-228\" class=\"wp-caption-text\">Estaci\u00f3n Central General Artigas<\/p><\/div>\n<p>&nbsp;<\/p>\n<p style=\"text-align:justify;\">Un viaje en tren en estos d\u00edas tiene al menos para m\u00ed un significado muy especial. Hace muchos a\u00f1os que el servicio de pasajeros de los trenes de Uruguay est\u00e1 reducido a unos pocos servicios en las cercan\u00edas de Montevideo con muy pocos pasajeros. Me cri\u00e9 a unos cientos de metros de una v\u00eda de tren en la costa de Canelones, y siempre recordar\u00e9 con nostalgia la bocina del tren de las 4 de la ma\u00f1ana, las estaciones dormidas con los avisos del desodorante Sanidor, su mobiliario de madera pulida por los a\u00f1os, los telegrafistas, la campana de la estaci\u00f3n, las barreras&#8230;tantas cosas que calladamente fueron desapareciendo. Hace poco, leyendo un <a href=\"http:\/\/www.sociedadsouthron.net\/forums\/viewtopic.php?f=46&amp;t=5315&amp;p=74037&amp;hilit=Train#p74037\" target=\"_blank\" rel=\"noopener\">foro (en idioma ingl\u00e9s) de extranjeros<\/a> en Uruguay encontr\u00e9 la noticia de que en Semana Santa correr\u00eda un tren especial desde Montevideo a la estaci\u00f3n Pe\u00f1arol. Y no cualquier tren: dos vagones antiguos tirados por una locomotora a vapor. As\u00ed que sacamos nuestros boletos en la red UTS, y all\u00e1 fuimos.<\/p>\n<p><!--more--><\/p>\n<p style=\"text-align:justify;\">Junto con el viaje viene incluida una visita guiada por el barrio Pe\u00f1arol, mostrando un poco como funcionaba el ferrocarril en sus inicios, la influencia de los ingleses, la organizaci\u00f3n de los talleres y las viviendas de los obreros; una forma de organizar el trabajo que ya no se usa pero de la que quedan intactos varios edificios y aparatos. Tambi\u00e9n la estaci\u00f3n Pe\u00f1arol est\u00e1 convertida en un museo mostrando los elementos de trabajo que en verdad se usaron hasta no hace mucho; el tel\u00e9grafo, el aro con el mensaje de v\u00eda libre, los tel\u00e9fonos a manivela&#8230;<\/p>\n<p>&nbsp;<\/p>\n<div id=\"attachment_229\" style=\"width: 1610px\" class=\"wp-caption aligncenter\"><a href=\"https:\/\/unfrionegro.net\/wp-content\/uploads\/2012\/05\/03042012018.jpg\"><img loading=\"lazy\" decoding=\"async\" aria-describedby=\"caption-attachment-229\" class=\"wp-image-229 \" title=\"En el camino a la estaci\u00f3n: chiviter\u00eda del ferrocarril\" alt=\"\" src=\"https:\/\/unfrionegro.net\/wp-content\/uploads\/2012\/05\/03042012018.jpg\" width=\"1600\" height=\"1200\" \/><\/a><p id=\"caption-attachment-229\" class=\"wp-caption-text\">En el camino a estaci\u00f3n central<\/p><\/div>\n<p style=\"text-align:justify;\">En esta primera parte veremos el viaje de ida y parte del museo de la Estaci\u00f3n Pe\u00f1arol; tratar\u00e9 de seleccionar algunas de las much\u00edsimas fotos de ese d\u00eda. Veamos fotos entonces: en primer lugar, detalles de la Estaci\u00f3n Central General Artigas, lamentablemente clausurada y con un destino incierto.<\/p>\n<div id=\"attachment_230\" style=\"width: 1610px\" class=\"wp-caption alignnone\"><a href=\"https:\/\/unfrionegro.net\/wp-content\/uploads\/2012\/05\/03042012021.jpg\"><img loading=\"lazy\" decoding=\"async\" aria-describedby=\"caption-attachment-230\" class=\"size-full wp-image-230\" title=\"Estaci\u00f3n Central, entrada\" alt=\"\" src=\"https:\/\/unfrionegro.net\/wp-content\/uploads\/2012\/05\/03042012021.jpg\" width=\"1600\" height=\"1200\" \/><\/a><p id=\"caption-attachment-230\" class=\"wp-caption-text\">Abandonada pero todav\u00eda hermosa&#8230;.<\/p><\/div>\n<div id=\"attachment_231\" style=\"width: 1610px\" class=\"wp-caption alignnone\"><a href=\"https:\/\/unfrionegro.net\/wp-content\/uploads\/2012\/05\/03042012024.jpg\"><img loading=\"lazy\" decoding=\"async\" aria-describedby=\"caption-attachment-231\" class=\"size-full wp-image-231\" title=\"Galer\u00eda lateral Estaci\u00f3n Central\" alt=\"\" src=\"https:\/\/unfrionegro.net\/wp-content\/uploads\/2012\/05\/03042012024.jpg\" width=\"1600\" height=\"1200\" \/><\/a><p id=\"caption-attachment-231\" class=\"wp-caption-text\">Galer\u00eda lateral de Estaci\u00f3n Central, los soportes de hierro son los originales&#8230;<\/p><\/div>\n<p>Ahora veremos algunas im\u00e1genes del tren antes de la partida<\/p>\n<div id=\"attachment_234\" style=\"width: 1610px\" class=\"wp-caption alignnone\"><a href=\"https:\/\/unfrionegro.net\/wp-content\/uploads\/2012\/05\/03042012032.jpg\"><img loading=\"lazy\" decoding=\"async\" aria-describedby=\"caption-attachment-234\" class=\"size-full wp-image-234\" title=\"la nueva estacion\" alt=\"\" src=\"https:\/\/unfrionegro.net\/wp-content\/uploads\/2012\/05\/03042012032.jpg\" width=\"1600\" height=\"1200\" \/><\/a><p id=\"caption-attachment-234\" class=\"wp-caption-text\">Parte de la nueva estaci\u00f3n, destinada a atender l\u00edneas de corta distancia<\/p><\/div>\n<div id=\"attachment_235\" style=\"width: 2058px\" class=\"wp-caption alignnone\"><a href=\"https:\/\/unfrionegro.net\/wp-content\/uploads\/2012\/05\/IMG_0452.jpg\"><img loading=\"lazy\" decoding=\"async\" aria-describedby=\"caption-attachment-235\" class=\"size-full wp-image-235\" title=\"Locomotora, tanques de combustible y agua\" alt=\"\" src=\"https:\/\/unfrionegro.net\/wp-content\/uploads\/2012\/05\/IMG_0452.jpg\" width=\"2048\" height=\"1536\" \/><\/a><p id=\"caption-attachment-235\" class=\"wp-caption-text\">Locomotora a vapor, tanque de combustible y tanque de agua<\/p><\/div>\n<div id=\"attachment_236\" style=\"width: 2058px\" class=\"wp-caption alignnone\"><a href=\"https:\/\/unfrionegro.net\/wp-content\/uploads\/2012\/05\/IMG_0454.jpg\"><img loading=\"lazy\" decoding=\"async\" aria-describedby=\"caption-attachment-236\" class=\"size-full wp-image-236\" title=\"Detalle de locomotora\" alt=\"\" src=\"https:\/\/unfrionegro.net\/wp-content\/uploads\/2012\/05\/IMG_0454.jpg\" width=\"2048\" height=\"1536\" \/><\/a><p id=\"caption-attachment-236\" class=\"wp-caption-text\">Detalle de la locomotora, al fondo la Torre de las Telecomunicaciones de Antel<\/p><\/div>\n<div id=\"attachment_237\" style=\"width: 2058px\" class=\"wp-caption alignnone\"><a href=\"https:\/\/unfrionegro.net\/wp-content\/uploads\/2012\/05\/IMG_0457.jpg\"><img loading=\"lazy\" decoding=\"async\" aria-describedby=\"caption-attachment-237\" class=\"size-full wp-image-237\" title=\"T\u00e9nder\" alt=\"T\u00e9nder, dep\u00f3sito o tanque de combustible (fuel oil)\" src=\"https:\/\/unfrionegro.net\/wp-content\/uploads\/2012\/05\/IMG_0457.jpg\" width=\"2048\" height=\"1536\" \/><\/a><p id=\"caption-attachment-237\" class=\"wp-caption-text\">T\u00e9nder, dep\u00f3sito o tanque de combustible (fuel oil)<\/p><\/div>\n<p>&nbsp;<\/p>\n<div id=\"attachment_238\" style=\"width: 2058px\" class=\"wp-caption alignnone\"><a href=\"https:\/\/unfrionegro.net\/wp-content\/uploads\/2012\/05\/IMG_0458.jpg\"><img loading=\"lazy\" decoding=\"async\" aria-describedby=\"caption-attachment-238\" class=\"size-full wp-image-238\" title=\"tanque de agua y vagones\" alt=\"\" src=\"https:\/\/unfrionegro.net\/wp-content\/uploads\/2012\/05\/IMG_0458.jpg\" width=\"2048\" height=\"1536\" \/><\/a><p id=\"caption-attachment-238\" class=\"wp-caption-text\">Tanque de agua y vagones en el and\u00e9n<\/p><\/div>\n<div id=\"attachment_239\" style=\"width: 1610px\" class=\"wp-caption alignnone\"><a href=\"https:\/\/unfrionegro.net\/wp-content\/uploads\/2012\/05\/03042012033.jpg\"><img loading=\"lazy\" decoding=\"async\" aria-describedby=\"caption-attachment-239\" class=\"size-full wp-image-239\" title=\"vag\u00f3n de cola\" alt=\"Vag\u00f3n de cola con grupo electr\u00f3geno \" src=\"https:\/\/unfrionegro.net\/wp-content\/uploads\/2012\/05\/03042012033.jpg\" width=\"1600\" height=\"1200\" \/><\/a><p id=\"caption-attachment-239\" class=\"wp-caption-text\">Vag\u00f3n de cola con grupo electr\u00f3geno (provee energ\u00eda a los vagones para iluminaci\u00f3n y aire acondicionado)<\/p><\/div>\n<p>&nbsp;<\/p>\n<p style=\"text-align:justify;\">Ya a bordo del tren a trav\u00e9s de un sistema de altavoces un gu\u00eda va explicando distintos detalles del recorrido, as\u00ed como tambi\u00e9n informaci\u00f3n sobre las actividades de los organizadores del paseo, la Asociaci\u00f3n Uruguaya de Amigos del Riel. Tambi\u00e9n recorren los vagones algunos j\u00f3venes que nos guiar\u00e1n en el recorrido por la zona de la Estaci\u00f3n Pe\u00f1arol, reparten unos folletos y tambi\u00e9n un trocito de carb\u00f3n de piedra o hulla, el combustible m\u00e1s com\u00fan para las locomotoras a vapor. Algunas im\u00e1genes:<\/p>\n<div id=\"attachment_246\" style=\"width: 1498px\" class=\"wp-caption alignnone\"><a href=\"https:\/\/unfrionegro.net\/wp-content\/uploads\/2012\/05\/postal-pe\u00f1arol-frente.jpg\"><img loading=\"lazy\" decoding=\"async\" aria-describedby=\"caption-attachment-246\" class=\" wp-image-246 \" title=\"postal pe\u00f1arol frente\" alt=\"\" src=\"https:\/\/unfrionegro.net\/wp-content\/uploads\/2012\/05\/postal-pe\u00f1arol-frente.jpg\" width=\"1488\" height=\"1008\" \/><\/a><p id=\"caption-attachment-246\" class=\"wp-caption-text\">Postal con plano para la visita guiada, frente<\/p><\/div>\n<p>Si quieren pueden ir ubicando en el mapa o plano de la postal los diversos sitios a medida que vaya mostrando fotos de la visita guiada al barrio.<\/p>\n<div id=\"attachment_247\" style=\"width: 1194px\" class=\"wp-caption alignnone\"><a href=\"https:\/\/unfrionegro.net\/wp-content\/uploads\/2012\/05\/postal-pe\u00f1arol-reverso.jpg\"><img loading=\"lazy\" decoding=\"async\" aria-describedby=\"caption-attachment-247\" class=\" wp-image-247 \" title=\"postal pe\u00f1arol reverso\" alt=\"\" src=\"https:\/\/unfrionegro.net\/wp-content\/uploads\/2012\/05\/postal-pe\u00f1arol-reverso.jpg\" width=\"1184\" height=\"898\" \/><\/a><p id=\"caption-attachment-247\" class=\"wp-caption-text\">Reverso de la postal<\/p><\/div>\n<p>&nbsp;<\/p>\n<p style=\"text-align:justify;\">El folleto es muy interesante, presenta una breve rese\u00f1a de la historia del barrio y su valor hist\u00f3rico. Cuando descubra c\u00f3mo hacer para subir archivos de m\u00e1s de 2 mb lo voy a poner todo, mientras tanto aqu\u00ed van algunas p\u00e1ginas:<\/p>\n<div id=\"attachment_258\" style=\"width: 1337px\" class=\"wp-caption alignnone\"><a href=\"https:\/\/unfrionegro.net\/wp-content\/uploads\/2012\/06\/folleto-p1.jpg\"><img loading=\"lazy\" decoding=\"async\" aria-describedby=\"caption-attachment-258\" class=\" wp-image-258\" title=\"Portada del folleto\" alt=\"\" src=\"https:\/\/unfrionegro.net\/wp-content\/uploads\/2012\/06\/folleto-p1.jpg\" width=\"1327\" height=\"1338\" \/><\/a><p id=\"caption-attachment-258\" class=\"wp-caption-text\">Portada del folleto<\/p><\/div>\n<div id=\"attachment_259\" style=\"width: 1337px\" class=\"wp-caption alignnone\"><a href=\"https:\/\/unfrionegro.net\/wp-content\/uploads\/2012\/06\/folleto-pg3.jpg\"><img loading=\"lazy\" decoding=\"async\" aria-describedby=\"caption-attachment-259\" class=\"size-full wp-image-259\" title=\"folleto pg3\" alt=\"\" src=\"https:\/\/unfrionegro.net\/wp-content\/uploads\/2012\/06\/folleto-pg3.jpg\" width=\"1327\" height=\"1347\" \/><\/a><p id=\"caption-attachment-259\" class=\"wp-caption-text\">Historia del barrio<\/p><\/div>\n<p>&nbsp;<\/p>\n<div id=\"attachment_260\" style=\"width: 1337px\" class=\"wp-caption alignnone\"><a href=\"https:\/\/unfrionegro.net\/wp-content\/uploads\/2012\/06\/folleto-pg4.jpg\"><img loading=\"lazy\" decoding=\"async\" aria-describedby=\"caption-attachment-260\" class=\"size-full wp-image-260\" title=\"folleto pg4\" alt=\"\" src=\"https:\/\/unfrionegro.net\/wp-content\/uploads\/2012\/06\/folleto-pg4.jpg\" width=\"1327\" height=\"1347\" \/><\/a><p id=\"caption-attachment-260\" class=\"wp-caption-text\">M\u00e1s historia<\/p><\/div>\n<div id=\"attachment_261\" style=\"width: 1346px\" class=\"wp-caption alignnone\"><a href=\"https:\/\/unfrionegro.net\/wp-content\/uploads\/2012\/06\/folleto-pg5.jpg\"><img loading=\"lazy\" decoding=\"async\" aria-describedby=\"caption-attachment-261\" class=\"size-full wp-image-261\" title=\"folleto pg5\" alt=\"\" src=\"https:\/\/unfrionegro.net\/wp-content\/uploads\/2012\/06\/folleto-pg5.jpg\" width=\"1336\" height=\"1356\" \/><\/a><p id=\"caption-attachment-261\" class=\"wp-caption-text\">Y m\u00e1s historia; desde 1949 hasta ahora no cambi\u00f3 mucho&#8230;<\/p><\/div>\n<div id=\"attachment_262\" style=\"width: 1327px\" class=\"wp-caption alignnone\"><a href=\"https:\/\/unfrionegro.net\/wp-content\/uploads\/2012\/06\/folleto-pg-8.jpg\"><img loading=\"lazy\" decoding=\"async\" aria-describedby=\"caption-attachment-262\" class=\"size-full wp-image-262\" title=\"folleto pg 8\" alt=\"\" src=\"https:\/\/unfrionegro.net\/wp-content\/uploads\/2012\/06\/folleto-pg-8.jpg\" width=\"1317\" height=\"1328\" \/><\/a><p id=\"caption-attachment-262\" class=\"wp-caption-text\">Algunos objetos del museo<\/p><\/div>\n<p>Para saber m\u00e1s sobre el block staff (en ingl\u00e9s):<a href=\"http:\/\/en.wikipedia.org\/wiki\/Token_%28railway_signalling%29#Staff_and_Ticket\">http:\/\/en.wikipedia.org\/wiki\/Token_%28railway_signalling%29#Staff_and_Ticket<\/a><\/p>\n<div id=\"attachment_263\" style=\"width: 2058px\" class=\"wp-caption alignnone\"><a href=\"https:\/\/unfrionegro.net\/wp-content\/uploads\/2012\/06\/IMG_0463.jpg\"><img loading=\"lazy\" decoding=\"async\" aria-describedby=\"caption-attachment-263\" class=\"size-full wp-image-263\" title=\"IMG_0463\" alt=\"\" src=\"https:\/\/unfrionegro.net\/wp-content\/uploads\/2012\/06\/IMG_0463.jpg\" width=\"2048\" height=\"1536\" \/><\/a><p id=\"caption-attachment-263\" class=\"wp-caption-text\">Interior del vag\u00f3n. Las ventanillas est\u00e1n modificadas, un solo vidrio fijo. Al fondo se ve el aire acondicionado.<\/p><\/div>\n<div id=\"attachment_264\" style=\"width: 2058px\" class=\"wp-caption alignnone\"><a href=\"https:\/\/unfrionegro.net\/wp-content\/uploads\/2012\/06\/IMG_0460.jpg\"><img loading=\"lazy\" decoding=\"async\" aria-describedby=\"caption-attachment-264\" class=\"size-full wp-image-264\" title=\"IMG_0460\" alt=\"\" src=\"https:\/\/unfrionegro.net\/wp-content\/uploads\/2012\/06\/IMG_0460.jpg\" width=\"2048\" height=\"1536\" \/><\/a><p id=\"caption-attachment-264\" class=\"wp-caption-text\">Portaequipajes<\/p><\/div>\n<p>&nbsp;<\/p>\n<div id=\"attachment_269\" style=\"width: 2058px\" class=\"wp-caption alignnone\"><a href=\"https:\/\/unfrionegro.net\/wp-content\/uploads\/2012\/06\/IMG_0461.jpg\"><img loading=\"lazy\" decoding=\"async\" aria-describedby=\"caption-attachment-269\" class=\"size-full wp-image-269\" title=\"IMG_0461\" alt=\"\" src=\"https:\/\/unfrionegro.net\/wp-content\/uploads\/2012\/06\/IMG_0461.jpg\" width=\"2048\" height=\"1536\" \/><\/a><p id=\"caption-attachment-269\" class=\"wp-caption-text\">Luces, con los detalles de bronce impecables<\/p><\/div>\n<div id=\"attachment_270\" style=\"width: 2058px\" class=\"wp-caption alignnone\"><a href=\"https:\/\/unfrionegro.net\/wp-content\/uploads\/2012\/06\/IMG_0468.jpg\"><img loading=\"lazy\" decoding=\"async\" aria-describedby=\"caption-attachment-270\" class=\"size-full wp-image-270\" title=\"IMG_0468\" alt=\"\" src=\"https:\/\/unfrionegro.net\/wp-content\/uploads\/2012\/06\/IMG_0468.jpg\" width=\"2048\" height=\"1536\" \/><\/a><p id=\"caption-attachment-270\" class=\"wp-caption-text\">Rumbo a la puerta<\/p><\/div>\n<div id=\"attachment_271\" style=\"width: 2058px\" class=\"wp-caption alignnone\"><a href=\"https:\/\/unfrionegro.net\/wp-content\/uploads\/2012\/06\/IMG_0473.jpg\"><img loading=\"lazy\" decoding=\"async\" aria-describedby=\"caption-attachment-271\" class=\"size-full wp-image-271\" title=\"IMG_0473\" alt=\"\" src=\"https:\/\/unfrionegro.net\/wp-content\/uploads\/2012\/06\/IMG_0473.jpg\" width=\"2048\" height=\"1536\" \/><\/a><p id=\"caption-attachment-271\" class=\"wp-caption-text\">Para bajar&#8230;<\/p><\/div>\n<div id=\"attachment_273\" style=\"width: 2058px\" class=\"wp-caption alignnone\"><a href=\"https:\/\/unfrionegro.net\/wp-content\/uploads\/2012\/06\/IMG_0472.jpg\"><img loading=\"lazy\" decoding=\"async\" aria-describedby=\"caption-attachment-273\" class=\"size-full wp-image-273\" title=\"IMG_0472\" alt=\"\" src=\"https:\/\/unfrionegro.net\/wp-content\/uploads\/2012\/06\/IMG_0472.jpg\" width=\"2048\" height=\"1536\" \/><\/a><p id=\"caption-attachment-273\" class=\"wp-caption-text\">Llegando a la estaci\u00f3n<\/p><\/div>\n<p>Para finalizar esta primera parte, algunas fotos de la estaci\u00f3n y museo ferroviario:<\/p>\n<div id=\"attachment_274\" style=\"width: 2058px\" class=\"wp-caption alignnone\"><a href=\"https:\/\/unfrionegro.net\/wp-content\/uploads\/2012\/06\/IMG_0474.jpg\"><img loading=\"lazy\" decoding=\"async\" aria-describedby=\"caption-attachment-274\" class=\"size-full wp-image-274\" title=\"IMG_0474\" alt=\"\" src=\"https:\/\/unfrionegro.net\/wp-content\/uploads\/2012\/06\/IMG_0474.jpg\" width=\"2048\" height=\"1536\" \/><\/a><p id=\"caption-attachment-274\" class=\"wp-caption-text\">Nuestra tarjeta postal, ahora en una pared del and\u00e9n de la estaci\u00f3n. Al costado de la puerta, la campana que daba la conformidad para la partida del tren. Sol\u00eda tocarla el jefe de la estaci\u00f3n.<\/p><\/div>\n<div id=\"attachment_275\" style=\"width: 2058px\" class=\"wp-caption alignnone\"><a href=\"https:\/\/unfrionegro.net\/wp-content\/uploads\/2012\/06\/IMG_0475.jpg\"><img loading=\"lazy\" decoding=\"async\" aria-describedby=\"caption-attachment-275\" class=\"size-full wp-image-275\" title=\"IMG_0475\" alt=\"\" src=\"https:\/\/unfrionegro.net\/wp-content\/uploads\/2012\/06\/IMG_0475.jpg\" width=\"2048\" height=\"1536\" \/><\/a><p id=\"caption-attachment-275\" class=\"wp-caption-text\">El interior de la estaci\u00f3n<\/p><\/div>\n<div id=\"attachment_276\" style=\"width: 2058px\" class=\"wp-caption alignnone\"><a href=\"https:\/\/unfrionegro.net\/wp-content\/uploads\/2012\/06\/IMG_0479.jpg\"><img loading=\"lazy\" decoding=\"async\" aria-describedby=\"caption-attachment-276\" class=\"size-full wp-image-276\" title=\"IMG_0479\" alt=\"\" src=\"https:\/\/unfrionegro.net\/wp-content\/uploads\/2012\/06\/IMG_0479.jpg\" width=\"2048\" height=\"1536\" \/><\/a><p id=\"caption-attachment-276\" class=\"wp-caption-text\">Secci\u00f3n Encomiendas<\/p><\/div>\n<p>&nbsp;<\/p>\n<div id=\"attachment_277\" style=\"width: 2058px\" class=\"wp-caption alignnone\"><a href=\"https:\/\/unfrionegro.net\/wp-content\/uploads\/2012\/06\/IMG_0480.jpg\"><img loading=\"lazy\" decoding=\"async\" aria-describedby=\"caption-attachment-277\" class=\"size-full wp-image-277\" title=\"IMG_0480\" alt=\"\" src=\"https:\/\/unfrionegro.net\/wp-content\/uploads\/2012\/06\/IMG_0480.jpg\" width=\"2048\" height=\"1536\" \/><\/a><p id=\"caption-attachment-277\" class=\"wp-caption-text\">Antiguos aparatos telef\u00f3nicos<\/p><\/div>\n<div id=\"attachment_278\" style=\"width: 2058px\" class=\"wp-caption alignnone\"><a href=\"https:\/\/unfrionegro.net\/wp-content\/uploads\/2012\/06\/IMG_0485.jpg\"><img loading=\"lazy\" decoding=\"async\" aria-describedby=\"caption-attachment-278\" class=\"size-full wp-image-278\" title=\"IMG_0485\" alt=\"\" src=\"https:\/\/unfrionegro.net\/wp-content\/uploads\/2012\/06\/IMG_0485.jpg\" width=\"2048\" height=\"1536\" \/><\/a><p id=\"caption-attachment-278\" class=\"wp-caption-text\">Publicidad de papel de fumar; recuerdo que adentro del librillo de hojillas ven\u00eda un texto donde un doctor lo recomendaba para los problemas bronquiales<\/p><\/div>\n<div id=\"attachment_280\" style=\"width: 2058px\" class=\"wp-caption alignnone\"><a href=\"https:\/\/unfrionegro.net\/wp-content\/uploads\/2012\/06\/IMG_0484.jpg\"><img loading=\"lazy\" decoding=\"async\" aria-describedby=\"caption-attachment-280\" class=\"size-full wp-image-280\" title=\"IMG_0484\" alt=\"\" src=\"https:\/\/unfrionegro.net\/wp-content\/uploads\/2012\/06\/IMG_0484.jpg\" width=\"2048\" height=\"1536\" \/><\/a><p id=\"caption-attachment-280\" class=\"wp-caption-text\">Publicidad para la gente de campo<\/p><\/div>\n<div id=\"attachment_281\" style=\"width: 1546px\" class=\"wp-caption alignnone\"><a href=\"https:\/\/unfrionegro.net\/wp-content\/uploads\/2012\/06\/IMG_0486.jpg\"><img loading=\"lazy\" decoding=\"async\" aria-describedby=\"caption-attachment-281\" class=\"size-full wp-image-281\" title=\"IMG_0486\" alt=\"\" src=\"https:\/\/unfrionegro.net\/wp-content\/uploads\/2012\/06\/IMG_0486.jpg\" width=\"1536\" height=\"2048\" \/><\/a><p id=\"caption-attachment-281\" class=\"wp-caption-text\">M\u00e1s publicidad rural; el transporte por carretera era casi inexistente&#8230;ahora en Rondeau y Guatemala est\u00e1 la torre de Antel, a unas cuadras de la Estaci\u00f3n Central General Artigas<\/p><\/div>\n<div id=\"attachment_282\" style=\"width: 1546px\" class=\"wp-caption alignnone\"><a href=\"https:\/\/unfrionegro.net\/wp-content\/uploads\/2012\/06\/IMG_0489.jpg\"><img loading=\"lazy\" decoding=\"async\" aria-describedby=\"caption-attachment-282\" class=\"size-full wp-image-282\" title=\"IMG_0489\" alt=\"\" src=\"https:\/\/unfrionegro.net\/wp-content\/uploads\/2012\/06\/IMG_0489.jpg\" width=\"1536\" height=\"2048\" \/><\/a><p id=\"caption-attachment-282\" class=\"wp-caption-text\">Block staff<\/p><\/div>\n<div id=\"attachment_283\" style=\"width: 2058px\" class=\"wp-caption alignnone\"><a href=\"https:\/\/unfrionegro.net\/wp-content\/uploads\/2012\/06\/IMG_0490.jpg\"><img loading=\"lazy\" decoding=\"async\" aria-describedby=\"caption-attachment-283\" class=\"size-full wp-image-283\" title=\"IMG_0490\" alt=\"\" src=\"https:\/\/unfrionegro.net\/wp-content\/uploads\/2012\/06\/IMG_0490.jpg\" width=\"2048\" height=\"1536\" \/><\/a><p id=\"caption-attachment-283\" class=\"wp-caption-text\">Reloj de pared de la estaci\u00f3n&#8230;cuantas veces v\u00ed pasar en ellos largas esperas en noches de invierno<\/p><\/div>\n<div id=\"attachment_284\" style=\"width: 2058px\" class=\"wp-caption alignnone\"><a href=\"https:\/\/unfrionegro.net\/wp-content\/uploads\/2012\/06\/IMG_0491.jpg\"><img loading=\"lazy\" decoding=\"async\" aria-describedby=\"caption-attachment-284\" class=\"size-full wp-image-284\" title=\"IMG_0491\" alt=\"\" src=\"https:\/\/unfrionegro.net\/wp-content\/uploads\/2012\/06\/IMG_0491.jpg\" width=\"2048\" height=\"1536\" \/><\/a><p id=\"caption-attachment-284\" class=\"wp-caption-text\">Nueva fuente en el patio de la estaci\u00f3n, y uno de los impecablemente reconstruidos vagones<\/p><\/div>\n<p style=\"text-align:justify;\">Y hasta aqu\u00ed la primera parte; m\u00e1s adelante ir\u00e9 mostrando fotos y videos de la recorrida por las viviendas del personal jer\u00e1rquico y de los obreros; y de los talleres que todav\u00eda funcionan. Los muchachos y muchachas que guiaban el recorrido trabajaron de forma excelente, sin ser eruditos se las ingeniaban para contestar muchas preguntas. A medida que iba caminando por la estaci\u00f3n y el barrio, comentaba con otros visitantes lo bueno que ser\u00eda que volvieran los trenes de pasajeros. Y qu\u00e9 bueno que estar\u00eda un tren hist\u00f3rico, corriendo en forma regular con material rodante y estaciones restauradas. No s\u00e9, de pronto hasta Punta del Este, o La Paloma. Un tren\u00a0 tur\u00edstico, como el tren de la costa en Buenos Aires, con algunas estaciones donde se vendan productos de la zona&#8230;o parrilladas, lugares para comer&#8230;se puede hacer. La Asociaci\u00f3n Uruguaya de Amigos del Riel (<a href=\"http:\/\/www.trenesavapor.com\/\">A.U.A.R<\/a>.) ha restaurado este material sin ayuda estatal; la empresa de ferrocarriles del estado (<a href=\"http:\/\/www.afe.com.uy\/\">A.F.E<\/a>) les permite usar las v\u00edas y les ha donado alg\u00fan material en desuso pero no mucho m\u00e1s que eso. Si ellos que solo son fan\u00e1ticos de los trenes han logrado tanto, la inversi\u00f3n en alg\u00fan emprendimiento tur\u00edstico que permita mantener y revivir el patrimonio hist\u00f3rico que es el ferrocarril es posible. Y no nos olvidemos de la Estaci\u00f3n Central, no hay muchas como esa en el mundo y debemos de mantenerla, mostrarla y de ser posible usarla. Hasta la pr\u00f3xima.<\/p>\n<p>isti<\/p>\n<p>&nbsp;<\/p>\n<p>&nbsp;<\/p>\n","protected":false},"excerpt":{"rendered":"<p>&nbsp; Un viaje en tren en estos d\u00edas tiene al menos para m\u00ed un significado muy especial. Hace muchos a\u00f1os que el servicio de pasajeros de los trenes de Uruguay est\u00e1 reducido a unos pocos servicios en las cercan\u00edas de &hellip; <a href=\"https:\/\/unfrionegro.net\/?p=133\">Segu\u00ed leyendo <span class=\"meta-nav\">&rarr;<\/span><\/a><\/p>\n","protected":false},"author":2,"featured_media":0,"comment_status":"open","ping_status":"open","sticky":false,"template":"","format":"standard","meta":{"_jetpack_memberships_contains_paid_content":false,"footnotes":""},"categories":[4,7,9,10],"tags":[15,20,37,117,116,124,184,211,228,285,311,318,333,334,337,345],"class_list":["post-133","post","type-post","status-publish","format-standard","hentry","category-fotografia","category-lugares","category-noticias","category-objetos-inutiles","tag-a-u-a-r","tag-afe","tag-barrio-penarol","tag-estacion-central-general-artigas","tag-estacion-penarol","tag-ferrocarril","tag-locomotoras-a-vapor","tag-montevideo","tag-nostalgia","tag-revolucion-industrial","tag-steam-power","tag-talleres-penarol","tag-tren-turistico","tag-trenes","tag-turismo-urbano","tag-uruguay"],"jetpack_featured_media_url":"","jetpack-related-posts":[],"jetpack_sharing_enabled":true,"_links":{"self":[{"href":"https:\/\/unfrionegro.net\/index.php?rest_route=\/wp\/v2\/posts\/133","targetHints":{"allow":["GET"]}}],"collection":[{"href":"https:\/\/unfrionegro.net\/index.php?rest_route=\/wp\/v2\/posts"}],"about":[{"href":"https:\/\/unfrionegro.net\/index.php?rest_route=\/wp\/v2\/types\/post"}],"author":[{"embeddable":true,"href":"https:\/\/unfrionegro.net\/index.php?rest_route=\/wp\/v2\/users\/2"}],"replies":[{"embeddable":true,"href":"https:\/\/unfrionegro.net\/index.php?rest_route=%2Fwp%2Fv2%2Fcomments&post=133"}],"version-history":[{"count":0,"href":"https:\/\/unfrionegro.net\/index.php?rest_route=\/wp\/v2\/posts\/133\/revisions"}],"wp:attachment":[{"href":"https:\/\/unfrionegro.net\/index.php?rest_route=%2Fwp%2Fv2%2Fmedia&parent=133"}],"wp:term":[{"taxonomy":"category","embeddable":true,"href":"https:\/\/unfrionegro.net\/index.php?rest_route=%2Fwp%2Fv2%2Fcategories&post=133"},{"taxonomy":"post_tag","embeddable":true,"href":"https:\/\/unfrionegro.net\/index.php?rest_route=%2Fwp%2Fv2%2Ftags&post=133"}],"curies":[{"name":"wp","href":"https:\/\/api.w.org\/{rel}","templated":true}]}}