{"id":477,"date":"2012-07-13T22:56:44","date_gmt":"2012-07-14T01:56:44","guid":{"rendered":"https:\/\/unfrionegro.net\/?p=477"},"modified":"2012-07-13T22:56:44","modified_gmt":"2012-07-14T01:56:44","slug":"que-va-ser-del-pc","status":"publish","type":"post","link":"https:\/\/unfrionegro.net\/?p=477","title":{"rendered":"\u00bfQu\u00e9 va a ser del PC?"},"content":{"rendered":"<div id=\"attachment_2026\" style=\"width: 594px\" class=\"wp-caption aligncenter\"><a href=\"https:\/\/unfrionegro.net\/wp-content\/uploads\/revistapcformat1.jpeg\"><img loading=\"lazy\" decoding=\"async\" aria-describedby=\"caption-attachment-2026\" class=\"size-full wp-image-2026\" alt=\"Editorial revista PC Format setiembre de 1998\" src=\"https:\/\/unfrionegro.net\/wp-content\/uploads\/revistapcformat1.jpeg\" width=\"584\" height=\"803\" \/><\/a><p id=\"caption-attachment-2026\" class=\"wp-caption-text\">Editorial revista PC Format setiembre de 1998<\/p><\/div>\n<p>A prop\u00f3sito de la lectura de un art\u00edculo de <a href=\"http:\/\/www.neoteo.com\/era-pc-era-post-pc-pc-plus-microsoft-apple\" target=\"_blank\" rel=\"noopener\">Neoteo<\/a> sobre la discusi\u00f3n acerca de la vigencia del concepto PC frente al fen\u00f3meno de los tablets y otros artilugios.<\/p>\n<p>&nbsp;<\/p>\n<p>&nbsp;<\/p>\n","protected":false},"excerpt":{"rendered":"<p>A prop\u00f3sito de la lectura de un art\u00edculo de Neoteo sobre la discusi\u00f3n acerca de la vigencia del concepto PC frente al fen\u00f3meno de los tablets y otros artilugios. &nbsp; &nbsp;<\/p>\n","protected":false},"author":2,"featured_media":0,"comment_status":"open","ping_status":"open","sticky":false,"template":"","format":"standard","meta":{"_jetpack_memberships_contains_paid_content":false,"footnotes":""},"categories":[6,11],"tags":[125,126,232,249,255],"class_list":["post-477","post","type-post","status-publish","format-standard","hentry","category-hardware","category-software","tag-fin-de-la-era-pc","tag-fin-del-pc","tag-obsolescencia-programada","tag-pc","tag-personal-computer"],"jetpack_featured_media_url":"","jetpack-related-posts":[],"jetpack_sharing_enabled":true,"_links":{"self":[{"href":"https:\/\/unfrionegro.net\/index.php?rest_route=\/wp\/v2\/posts\/477","targetHints":{"allow":["GET"]}}],"collection":[{"href":"https:\/\/unfrionegro.net\/index.php?rest_route=\/wp\/v2\/posts"}],"about":[{"href":"https:\/\/unfrionegro.net\/index.php?rest_route=\/wp\/v2\/types\/post"}],"author":[{"embeddable":true,"href":"https:\/\/unfrionegro.net\/index.php?rest_route=\/wp\/v2\/users\/2"}],"replies":[{"embeddable":true,"href":"https:\/\/unfrionegro.net\/index.php?rest_route=%2Fwp%2Fv2%2Fcomments&post=477"}],"version-history":[{"count":0,"href":"https:\/\/unfrionegro.net\/index.php?rest_route=\/wp\/v2\/posts\/477\/revisions"}],"wp:attachment":[{"href":"https:\/\/unfrionegro.net\/index.php?rest_route=%2Fwp%2Fv2%2Fmedia&parent=477"}],"wp:term":[{"taxonomy":"category","embeddable":true,"href":"https:\/\/unfrionegro.net\/index.php?rest_route=%2Fwp%2Fv2%2Fcategories&post=477"},{"taxonomy":"post_tag","embeddable":true,"href":"https:\/\/unfrionegro.net\/index.php?rest_route=%2Fwp%2Fv2%2Ftags&post=477"}],"curies":[{"name":"wp","href":"https:\/\/api.w.org\/{rel}","templated":true}]}}