{"id":636,"date":"2012-08-24T03:45:35","date_gmt":"2012-08-24T06:45:35","guid":{"rendered":"https:\/\/unfrionegro.net\/?p=636"},"modified":"2012-08-24T03:45:35","modified_gmt":"2012-08-24T06:45:35","slug":"como-formatear-pendrive-llave-usb-usb-stick-con-gparted-en-debian-squeeze","status":"publish","type":"post","link":"https:\/\/unfrionegro.net\/?p=636","title":{"rendered":"C\u00f3mo formatear un pendrive, llave usb o usb stick con Gparted en Debian Squeeze"},"content":{"rendered":"<p style=\"text-align:justify;\"><a href=\"https:\/\/unfrionegro.net\/como-formatear-pendrive-llave-usb-usb-stick-con-gparted-en-debian-squeeze\/gparted-64x42\/\" rel=\"attachment wp-att-692\"><img loading=\"lazy\" decoding=\"async\" class=\"size-full wp-image-692 alignnone\" title=\"gparted-64x42\" alt=\"\" src=\"https:\/\/unfrionegro.net\/wp-content\/uploads\/2012\/08\/gparted-64x42.png\" width=\"64\" height=\"42\" \/><\/a>Algunas veces puede suceder que necesitemos formatear un pendrive o llave usb. Sea por la raz\u00f3n que fuere, aqu\u00ed le mostrar\u00e9 como hacerlo usando<a href=\"http:\/\/gparted.sourceforge.net\/\" target=\"_blank\" rel=\"noopener\"> GParted<\/a>, el editor de particiones de <a href=\"http:\/\/es.wikipedia.org\/wiki\/GNOME\" target=\"_blank\" rel=\"noopener\">Gnome<\/a>. En esta gu\u00eda estoy usando<a href=\"http:\/\/www.debian.org\/index.es.html\" target=\"_blank\" rel=\"noopener\"> Debian Squeeze<\/a> con Gnome, pero GParted se encuentra disponible tambi\u00e9n en otras distribuciones Gnu\/Linux como Ubuntu o Puppy Linux.<\/p>\n<p style=\"text-align:justify;\"><!--more-->En primer lugar, si no tenemos instalado GParted lo instalamos abriendo una terminal, logue\u00e1ndonos como root con el comando &#8220;su&#8221; y tecleando<\/p>\n<p style=\"text-align:justify;\"><em><strong>apt-get install gparted<\/strong><\/em><\/p>\n<p style=\"text-align:justify;\">Tambi\u00e9n lo podemos instalar de forma gr\u00e1fica usando el administrador de paquetes Synaptic o el Centro de Software, a cualquiera de los dos los encontramos en la pesta\u00f1a &#8220;Sistema&gt;Administraci\u00f3n&#8221; del panel superior del escritorio.\u00a0Luego de que lo tenemos instalado lo encontramos en &#8220;Sistema&gt;Administraci\u00f3n&#8221;.<\/p>\n<p>Cuando iniciamos GParted nos encontramos con esta ventana:<\/p>\n<div id=\"attachment_682\" style=\"width: 1370px\" class=\"wp-caption alignnone\"><a href=\"https:\/\/unfrionegro.net\/como-formatear-pendrive-llave-usb-usb-stick-con-gparted-en-debian-squeeze\/gparted1\/\" rel=\"attachment wp-att-682\"><img loading=\"lazy\" decoding=\"async\" aria-describedby=\"caption-attachment-682\" class=\"size-full wp-image-682\" title=\"pantalla inicial gparted\" alt=\"\" src=\"https:\/\/unfrionegro.net\/wp-content\/uploads\/2012\/08\/gparted1.jpeg\" width=\"1360\" height=\"768\" srcset=\"https:\/\/unfrionegro.net\/wp-content\/uploads\/2012\/08\/gparted1.jpeg 1360w, https:\/\/unfrionegro.net\/wp-content\/uploads\/2012\/08\/gparted1-300x169.jpeg 300w, https:\/\/unfrionegro.net\/wp-content\/uploads\/2012\/08\/gparted1-1024x578.jpeg 1024w, https:\/\/unfrionegro.net\/wp-content\/uploads\/2012\/08\/gparted1-768x434.jpeg 768w\" sizes=\"auto, (max-width: 1360px) 100vw, 1360px\" \/><\/a><p id=\"caption-attachment-682\" class=\"wp-caption-text\">Pantalla inicial de GParted<\/p><\/div>\n<p style=\"text-align:justify;\">Aqu\u00ed podemos ver el \u00fanico disco duro instalado en esta computadora y como est\u00e1 particionado; tenemos particiones NTFS, donde est\u00e1 instalado Windows Vista, EXT4 donde est\u00e1 instalado Debian Squeeze; y una partici\u00f3n de intercambio o SWAP que es usada por linux si queda poca memoria RAM disponible. La llave significa que la partici\u00f3n est\u00e1 montada y no se puede modificar. Pero como lo que nos interesa es un pendrive o l\u00e1piz o llave usb, vamos a insertar uno en su correspondiente puerto, hecho esto hacemos clic en el \u00e1ngulo superior izquierdo, donde dice &#8220;gparted&#8221; y elegimos &#8220;refrescar dispositivos&#8221;.<\/p>\n<div id=\"attachment_683\" style=\"width: 1370px\" class=\"wp-caption alignnone\"><a href=\"https:\/\/unfrionegro.net\/como-formatear-pendrive-llave-usb-usb-stick-con-gparted-en-debian-squeeze\/gparted2\/\" rel=\"attachment wp-att-683\"><img loading=\"lazy\" decoding=\"async\" aria-describedby=\"caption-attachment-683\" class=\"size-full wp-image-683\" title=\"refrescando dispositivos\" alt=\"\" src=\"https:\/\/unfrionegro.net\/wp-content\/uploads\/2012\/08\/gparted2.jpeg\" width=\"1360\" height=\"768\" srcset=\"https:\/\/unfrionegro.net\/wp-content\/uploads\/2012\/08\/gparted2.jpeg 1360w, https:\/\/unfrionegro.net\/wp-content\/uploads\/2012\/08\/gparted2-300x169.jpeg 300w, https:\/\/unfrionegro.net\/wp-content\/uploads\/2012\/08\/gparted2-1024x578.jpeg 1024w, https:\/\/unfrionegro.net\/wp-content\/uploads\/2012\/08\/gparted2-768x434.jpeg 768w\" sizes=\"auto, (max-width: 1360px) 100vw, 1360px\" \/><\/a><p id=\"caption-attachment-683\" class=\"wp-caption-text\">Refrescando dispositivos de almacenamiento, tambi\u00e9n podemos usar la combinaci\u00f3n de teclas Ctrl+R<\/p><\/div>\n<p style=\"text-align:justify;\">Entonces en el men\u00fa desplegable de la esquina opuesta, adem\u00e1s del disco duro nos va a aparecer el pendrive; nos damos cuenta tambi\u00e9n por el tama\u00f1o cual es cual.<\/p>\n<div id=\"attachment_686\" style=\"width: 1370px\" class=\"wp-caption alignnone\"><a href=\"https:\/\/unfrionegro.net\/como-formatear-pendrive-llave-usb-usb-stick-con-gparted-en-debian-squeeze\/gparted4\/\" rel=\"attachment wp-att-686\"><img loading=\"lazy\" decoding=\"async\" aria-describedby=\"caption-attachment-686\" class=\"size-full wp-image-686\" title=\"seleccionando el disco\" alt=\"\" src=\"https:\/\/unfrionegro.net\/wp-content\/uploads\/2012\/08\/gparted4.png\" width=\"1360\" height=\"768\" \/><\/a><p id=\"caption-attachment-686\" class=\"wp-caption-text\">Seleccionando la unidad de almacenamiento con la que queremos trabajar<\/p><\/div>\n<p style=\"text-align:justify;\">Al igual que con nuestro disco duro vemos como est\u00e1 particionada la llave usb o pendrive; a los efectos pr\u00e1cticos no hay ninguna diferencia a la hora de particionar y formatear entre un disco duro interno, o uno externo usb, o un pendrive o una tarjeta de memoria. De hecho esta gu\u00eda nos podr\u00eda servir para manejar las particiones de cualquiera de esos tipos de unidades de almacenamiento.<\/p>\n<div id=\"attachment_685\" style=\"width: 1370px\" class=\"wp-caption alignnone\"><a href=\"https:\/\/unfrionegro.net\/como-formatear-pendrive-llave-usb-usb-stick-con-gparted-en-debian-squeeze\/gparted3-2\/\" rel=\"attachment wp-att-685\"><img loading=\"lazy\" decoding=\"async\" aria-describedby=\"caption-attachment-685\" class=\"size-full wp-image-685\" title=\"nuestro pendrive y sus particiones\" alt=\"\" src=\"https:\/\/unfrionegro.net\/wp-content\/uploads\/2012\/08\/gparted31.png\" width=\"1360\" height=\"768\" \/><\/a><p id=\"caption-attachment-685\" class=\"wp-caption-text\">Nuestro pendrive o llave usb con sus particiones<\/p><\/div>\n<p style=\"text-align:justify;\">Seleccionamos la partici\u00f3n que queremos modificar (en mi caso sdb2, que est\u00e1 formateada con el sistema de archivos ext2) y hacemos click derecho, vemos que se despliegan diversas opciones, elegimos &#8220;formatear como&#8221; y dentro de ese apartado seleccionamos la opci\u00f3n FAT32<\/p>\n<div id=\"attachment_688\" style=\"width: 1370px\" class=\"wp-caption alignnone\"><a href=\"https:\/\/unfrionegro.net\/como-formatear-pendrive-llave-usb-usb-stick-con-gparted-en-debian-squeeze\/gparted5\/\" rel=\"attachment wp-att-688\"><img loading=\"lazy\" decoding=\"async\" aria-describedby=\"caption-attachment-688\" class=\"size-full wp-image-688\" title=\"formateando como FAT32\" alt=\"\" src=\"https:\/\/unfrionegro.net\/wp-content\/uploads\/2012\/08\/gparted5.png\" width=\"1360\" height=\"768\" srcset=\"https:\/\/unfrionegro.net\/wp-content\/uploads\/2012\/08\/gparted5.png 1360w, https:\/\/unfrionegro.net\/wp-content\/uploads\/2012\/08\/gparted5-300x169.png 300w, https:\/\/unfrionegro.net\/wp-content\/uploads\/2012\/08\/gparted5-1024x578.png 1024w, https:\/\/unfrionegro.net\/wp-content\/uploads\/2012\/08\/gparted5-768x434.png 768w\" sizes=\"auto, (max-width: 1360px) 100vw, 1360px\" \/><\/a><p id=\"caption-attachment-688\" class=\"wp-caption-text\">Elegimos el sistema de archivos con el que vamos a formatear la partici\u00f3n<\/p><\/div>\n<p style=\"text-align:justify;\">Le damos intro y la tarea queda marcada como pendiente de ejecuci\u00f3n (en un panel que se abre en la parte inferior); el tilde o \u00edcono en forma de uve o ve corta se pone de color verde esperando confirmaci\u00f3n.<\/p>\n<div id=\"attachment_731\" style=\"width: 1370px\" class=\"wp-caption alignleft\"><a href=\"https:\/\/unfrionegro.net\/como-formatear-pendrive-llave-usb-usb-stick-con-gparted-en-debian-squeeze\/gparted6-2\/\" rel=\"attachment wp-att-731\"><img loading=\"lazy\" decoding=\"async\" aria-describedby=\"caption-attachment-731\" class=\"size-full wp-image-731\" title=\"preparados para formatear...\" alt=\"\" src=\"https:\/\/unfrionegro.net\/wp-content\/uploads\/2012\/08\/gparted61.png\" width=\"1360\" height=\"768\" \/><\/a><p id=\"caption-attachment-731\" class=\"wp-caption-text\">Preparados para formatear&#8230;<\/p><\/div>\n<p style=\"text-align:justify;\">Si queremos seguir modificando particiones podemos hacerlo, las tareas pendientes de ejecuci\u00f3n se ir\u00e1n agregando a la lista. Podr\u00edamos por ejemplo agrandar o achicar una partici\u00f3n, o dejarla como espacio sin asignar, y luego expandir sobre ese espacio una partici\u00f3n preexistente. Pero como no es el caso, hacemos click en el tilde verde e inmediatamente GParted nos advierte que la edici\u00f3n de particiones puede causar p\u00e9rdida de datos<\/p>\n<div id=\"attachment_732\" style=\"width: 1370px\" class=\"wp-caption alignleft\"><a href=\"https:\/\/unfrionegro.net\/como-formatear-pendrive-llave-usb-usb-stick-con-gparted-en-debian-squeeze\/gparted7\/\" rel=\"attachment wp-att-732\"><img loading=\"lazy\" decoding=\"async\" aria-describedby=\"caption-attachment-732\" class=\"size-full wp-image-732\" title=\"advertencia\" alt=\"\" src=\"https:\/\/unfrionegro.net\/wp-content\/uploads\/2012\/08\/gparted7.png\" width=\"1360\" height=\"768\" \/><\/a><p id=\"caption-attachment-732\" class=\"wp-caption-text\">Advertencia: la edici\u00f3n de particiones puede causar p\u00e9rdida de datos<\/p><\/div>\n<p style=\"text-align:justify;\">Si estamos bien seguros de lo que estamos haciendo le damos a aceptar y comienza el proceso, dependiendo del tama\u00f1o de las particiones y de la cantidad de tareas a realizar tomar\u00e1 m\u00e1s o menos tiempo&#8230;<\/p>\n<div id=\"attachment_743\" style=\"width: 1370px\" class=\"wp-caption alignleft\"><a href=\"https:\/\/unfrionegro.net\/como-formatear-pendrive-llave-usb-usb-stick-con-gparted-en-debian-squeeze\/pantallazo\/\" rel=\"attachment wp-att-743\"><img loading=\"lazy\" decoding=\"async\" aria-describedby=\"caption-attachment-743\" class=\"size-full wp-image-743\" title=\"GParted en acci\u00f3n\" alt=\"\" src=\"https:\/\/unfrionegro.net\/wp-content\/uploads\/2012\/08\/Pantallazo.png\" width=\"1360\" height=\"768\" \/><\/a><p id=\"caption-attachment-743\" class=\"wp-caption-text\">Finalmente, GParted en acci\u00f3n&#8230;<\/p><\/div>\n<p>Y listo, ya tenemos la partici\u00f3n formateada con el sistema de archivos FAT32<\/p>\n<div id=\"attachment_744\" style=\"width: 1370px\" class=\"wp-caption alignleft\"><a href=\"https:\/\/unfrionegro.net\/como-formatear-pendrive-llave-usb-usb-stick-con-gparted-en-debian-squeeze\/pantallazo-2\/\" rel=\"attachment wp-att-744\"><img loading=\"lazy\" decoding=\"async\" aria-describedby=\"caption-attachment-744\" class=\"size-full wp-image-744\" title=\"nueva particion creada\" alt=\"\" src=\"https:\/\/unfrionegro.net\/wp-content\/uploads\/2012\/08\/Pantallazo-2.png\" width=\"1360\" height=\"768\" \/><\/a><p id=\"caption-attachment-744\" class=\"wp-caption-text\">Aqu\u00ed tenemos formateada la partici\u00f3n con el sistema de archivos FAT32<\/p><\/div>\n<p>Vemos como la partici\u00f3n sdb2, anteriormente con el sistema de archivos ext2 ahora est\u00e1 particionada como FAT32; dejo para m\u00e1s adelante como lograr el mismo resultado pero usando el sistema operativo Windows. Tambi\u00e9n en alg\u00fan momento me extender\u00e9 sobre el uso de GParted para (como mencion\u00e9 anteriormente) expandir o achicar particiones, o borrarlas, por ejemplo<a title=\"C\u00f3mo Formatear un Disco Duro con GParted: Gu\u00eda Paso a Paso\" href=\"https:\/\/unfrionegro.net\/como-formatear-disco-duro-con-gparted-guia-paso-paso\/\" target=\"_blank\" rel=\"noopener\"> para preparar un disco duro para instalar un sistema operativo desde cero<\/a>. Cualquier duda \u00a0o sugerencia. o error que encuentren no duden en comentar que ser\u00e1n bienvenidos.<\/p>\n","protected":false},"excerpt":{"rendered":"<p>Algunas veces puede suceder que necesitemos formatear un pendrive o llave usb. Sea por la raz\u00f3n que fuere, aqu\u00ed le mostrar\u00e9 como hacerlo usando GParted, el editor de particiones de Gnome. En esta gu\u00eda estoy usando Debian Squeeze con Gnome, &hellip; <a href=\"https:\/\/unfrionegro.net\/?p=636\">Segu\u00ed leyendo <span class=\"meta-nav\">&rarr;<\/span><\/a><\/p>\n","protected":false},"author":2,"featured_media":0,"comment_status":"open","ping_status":"open","sticky":false,"template":"","format":"standard","meta":{"_jetpack_memberships_contains_paid_content":false,"footnotes":""},"categories":[3,5,6,11],"tags":[135,138,146,346],"class_list":["post-636","post","type-post","status-publish","format-standard","hentry","category-debian","category-gnu-linux","category-hardware","category-software","tag-formatear","tag-formatear-pendrive","tag-gparted","tag-usb"],"jetpack_featured_media_url":"","jetpack-related-posts":[],"jetpack_sharing_enabled":true,"_links":{"self":[{"href":"https:\/\/unfrionegro.net\/index.php?rest_route=\/wp\/v2\/posts\/636","targetHints":{"allow":["GET"]}}],"collection":[{"href":"https:\/\/unfrionegro.net\/index.php?rest_route=\/wp\/v2\/posts"}],"about":[{"href":"https:\/\/unfrionegro.net\/index.php?rest_route=\/wp\/v2\/types\/post"}],"author":[{"embeddable":true,"href":"https:\/\/unfrionegro.net\/index.php?rest_route=\/wp\/v2\/users\/2"}],"replies":[{"embeddable":true,"href":"https:\/\/unfrionegro.net\/index.php?rest_route=%2Fwp%2Fv2%2Fcomments&post=636"}],"version-history":[{"count":0,"href":"https:\/\/unfrionegro.net\/index.php?rest_route=\/wp\/v2\/posts\/636\/revisions"}],"wp:attachment":[{"href":"https:\/\/unfrionegro.net\/index.php?rest_route=%2Fwp%2Fv2%2Fmedia&parent=636"}],"wp:term":[{"taxonomy":"category","embeddable":true,"href":"https:\/\/unfrionegro.net\/index.php?rest_route=%2Fwp%2Fv2%2Fcategories&post=636"},{"taxonomy":"post_tag","embeddable":true,"href":"https:\/\/unfrionegro.net\/index.php?rest_route=%2Fwp%2Fv2%2Ftags&post=636"}],"curies":[{"name":"wp","href":"https:\/\/api.w.org\/{rel}","templated":true}]}}