{"id":717,"date":"2012-08-24T04:28:23","date_gmt":"2012-08-24T07:28:23","guid":{"rendered":"https:\/\/unfrionegro.net\/?p=717"},"modified":"2012-08-24T04:28:23","modified_gmt":"2012-08-24T07:28:23","slug":"somos-nada","status":"publish","type":"post","link":"https:\/\/unfrionegro.net\/?p=717","title":{"rendered":"No Somos Nada"},"content":{"rendered":"<div id=\"attachment_718\" style=\"width: 650px\" class=\"wp-caption alignleft\"><a href=\"https:\/\/unfrionegro.net\/somos-nada\/w300marjul2008-033\/\" rel=\"attachment wp-att-718\"><img loading=\"lazy\" decoding=\"async\" aria-describedby=\"caption-attachment-718\" class=\"size-full wp-image-718\" title=\"no somos nada\" src=\"https:\/\/unfrionegro.net\/wp-content\/uploads\/2012\/08\/w300marjul2008-033.jpg\" alt=\"\" width=\"640\" height=\"480\" \/><\/a><p id=\"caption-attachment-718\" class=\"wp-caption-text\">Graffitti en Montevideo: No somos nada<\/p><\/div>\n<p><a href=\"http:\/\/es.wikipedia.org\/wiki\/No_somos_nada\" target=\"_blank\" rel=\"noopener\"><strong>No Somos Nada<\/strong><\/a> es el tercer fonograma de la banda punk espa\u00f1ola<a href=\"http:\/\/es.wikipedia.org\/wiki\/La_polla_records\" target=\"_blank\" rel=\"noopener\"> La Polla Records<\/a>. Disco y banda son recordados en este muro de la calle Juan Cabal, en el barrio La Blanqueada de Montevideo, Uruguay.<\/p>\n<div class=\"lyte-wrapper\" title=\"la polla records - no somos nada (con letra)\" style=\"width:420px;max-width:100%;margin:5px auto;\"><div class=\"lyMe hidef\" id=\"WYL_QzcvlGnWaSQ\" itemprop=\"video\" itemscope itemtype=\"https:\/\/schema.org\/VideoObject\"><div><meta itemprop=\"thumbnailUrl\" content=\"https:\/\/i.ytimg.com\/vi\/QzcvlGnWaSQ\/hqdefault.jpg\" \/><meta itemprop=\"embedURL\" content=\"https:\/\/www.youtube.com\/embed\/QzcvlGnWaSQ\" \/><meta itemprop=\"duration\" content=\"PT2M45S\" \/><meta itemprop=\"uploadDate\" content=\"2008-07-14T13:23:42Z\" \/><\/div><div id=\"lyte_QzcvlGnWaSQ\" data-src=\"https:\/\/i.ytimg.com\/vi\/QzcvlGnWaSQ\/hqdefault.jpg\" class=\"pL\"><div class=\"tC\"><div class=\"tT\" itemprop=\"name\">la polla records - no somos nada (con letra)<\/div><\/div><div class=\"play\"><\/div><div class=\"ctrl\"><div class=\"Lctrl\"><\/div><div class=\"Rctrl\"><\/div><\/div><\/div><noscript><a href=\"https:\/\/youtu.be\/QzcvlGnWaSQ\" rel=\"nofollow\"><img loading=\"lazy\" decoding=\"async\" src=\"https:\/\/i.ytimg.com\/vi\/QzcvlGnWaSQ\/0.jpg\" alt=\"la polla records - no somos nada (con letra)\" width=\"420\" height=\"216\" \/><\/a><\/noscript><meta itemprop=\"description\" content=\"la polla records - no somos nada (con letra) la polla evaristo Queridos amiguitos, en este mundo todo est\u00e1 bajo control... \u00bftodo? \u00a1No! Una aldea poblada por irreductibles galos resiste ahora y siempre al invasor con una poci\u00f3n m\u00e1gica que los hace invencibles: el cerebro Somos los nietos de los obreros que nunca pudisteis matar, por eso nunca, nunca votamos para la Alianza Popular, ni al PSOE ni a sus traidores ni a ninguno de los dem\u00e1s Somos los nietos de los que perdieron la Guerra Civil \u00a1No somos nada! \u00a1No somos nada! Somos los nietos de los obreros que nunca pudisteis matar, No somos punk, ni mod, ni heavy, rocker, ni skin, ni tecno Qur\u00e9is enga\u00f1arnos, pero no pod\u00e9is; tampoco tenemos precio Vosotros ver\u00e9is qu\u00e9 hac\u00e9is, nosotros \u00a1ya veremos! \u00a1No somos nada! \u00a1No somos nada! Somos los nietos de los obreros que nunca pudisteis matar Somos los nietos de los que perdieron la Guerra Civil Somos los nietos de los obreros que nunca pudisteis matar Somos los nietos de los que perdieron la Guerra Civil \u00a1No somos nada! \u00a1No somos nada! Quieres identificarnos, tienes un problema con la letra de la cancion\"><\/div><\/div><div class=\"lL\" style=\"max-width:100%;width:420px;margin:5px auto;\"> <a href=\"https:\/\/youtu.be\/QzcvlGnWaSQ\" target=\"_blank\">Watch this video on YouTube<\/a>.<\/div><\/p>\n","protected":false},"excerpt":{"rendered":"<p>No Somos Nada es el tercer fonograma de la banda punk espa\u00f1ola La Polla Records. Disco y banda son recordados en este muro de la calle Juan Cabal, en el barrio La Blanqueada de Montevideo, Uruguay.<\/p>\n","protected":false},"author":2,"featured_media":0,"comment_status":"open","ping_status":"open","sticky":false,"template":"","format":"standard","meta":{"_jetpack_memberships_contains_paid_content":false,"footnotes":""},"categories":[4,7,8],"tags":[115,175,211,226,266,287,345,351,375],"class_list":["post-717","post","type-post","status-publish","format-standard","hentry","category-fotografia","category-lugares","category-musica","tag-espana","tag-la-polla-records","tag-montevideo","tag-no-somos-nada","tag-punk","tag-rock","tag-uruguay","tag-video","tag-youtube"],"jetpack_featured_media_url":"","jetpack-related-posts":[],"jetpack_sharing_enabled":true,"_links":{"self":[{"href":"https:\/\/unfrionegro.net\/index.php?rest_route=\/wp\/v2\/posts\/717","targetHints":{"allow":["GET"]}}],"collection":[{"href":"https:\/\/unfrionegro.net\/index.php?rest_route=\/wp\/v2\/posts"}],"about":[{"href":"https:\/\/unfrionegro.net\/index.php?rest_route=\/wp\/v2\/types\/post"}],"author":[{"embeddable":true,"href":"https:\/\/unfrionegro.net\/index.php?rest_route=\/wp\/v2\/users\/2"}],"replies":[{"embeddable":true,"href":"https:\/\/unfrionegro.net\/index.php?rest_route=%2Fwp%2Fv2%2Fcomments&post=717"}],"version-history":[{"count":0,"href":"https:\/\/unfrionegro.net\/index.php?rest_route=\/wp\/v2\/posts\/717\/revisions"}],"wp:attachment":[{"href":"https:\/\/unfrionegro.net\/index.php?rest_route=%2Fwp%2Fv2%2Fmedia&parent=717"}],"wp:term":[{"taxonomy":"category","embeddable":true,"href":"https:\/\/unfrionegro.net\/index.php?rest_route=%2Fwp%2Fv2%2Fcategories&post=717"},{"taxonomy":"post_tag","embeddable":true,"href":"https:\/\/unfrionegro.net\/index.php?rest_route=%2Fwp%2Fv2%2Ftags&post=717"}],"curies":[{"name":"wp","href":"https:\/\/api.w.org\/{rel}","templated":true}]}}